{"id":4382,"date":"2026-01-13T21:38:22","date_gmt":"2026-01-13T21:38:22","guid":{"rendered":"https:\/\/arraigofoundation.org\/?p=4382"},"modified":"2026-02-11T18:50:10","modified_gmt":"2026-02-11T18:50:10","slug":"cinco-anos-de-historia-de-la-arepa-un-cierre-de-ano-para-abrir-una-caja-llena-de-memoria","status":"publish","type":"post","link":"https:\/\/arraigofoundation.org\/en\/2026\/01\/13\/cinco-anos-de-historia-de-la-arepa-un-cierre-de-ano-para-abrir-una-caja-llena-de-memoria\/","title":{"rendered":"Cinco a\u00f1os de Historia de la Arepa: un cierre de a\u00f1o para abrir una caja llena de memoria"},"content":{"rendered":"<p>&nbsp;<\/p>\n<div>En Arraigo Foundation cerramos este a\u00f1o con una certeza: cuando la identidad se cuida, se investiga y se comparte, trasciende el discurso y se convierte en pr\u00e1ctica cultural.<\/div>\n<div><\/div>\n<div>Desde 2023 hemos acompa\u00f1ado de forma activa y sostenida el desarrollo de Historia de la Arepa. No se trata de un gesto accesorio: decidimos respaldar este proyecto porque vimos en \u00e9l una metodolog\u00eda s\u00f3lida, una visi\u00f3n clara y una capacidad real para producir conocimiento \u00fatil.<\/div>\n<div><\/div>\n<div>Hoy, ver sus frutos confirma que la apuesta vali\u00f3 la pena.<\/div>\n<div>Este cierre de a\u00f1o es una invitaci\u00f3n a mirar el recorrido, a reconocer el trabajo colectivo y, sobre todo, a abrir juntos \u00abUna Arepa Hecha Postal\u00bb, ahora disponible en descarga digital gratuita para cualquier lector que desee explorar su contenido.<\/div>\n<div><\/div>\n<h2>Cinco a\u00f1os convirtiendo un alimento en lenguaje cultural<\/h2>\n<div>Historia de la Arepa naci\u00f3 con una pregunta exigente: \u00bfc\u00f3mo narrar la arepa de manera rigurosa, contempor\u00e1nea y emocionalmente pertinente?<\/div>\n<div><\/div>\n<div>De esa pregunta se desprende la misi\u00f3n que hoy sostiene al proyecto: promover, preservar y aportar contenido de valor en torno a nuestra embajadora, la arepa, con el fin de celebrar y difundir la cultura y la gastronom\u00eda venezolana alrededor del mundo.<\/div>\n<div><\/div>\n<div>Para ello, Historia de la Arepa desarrolla publicaciones y eventos gastroliterarios que no solo documentan y crean obras de referencia, sino que tambi\u00e9n propician un intercambio cultural necesario para nuestra di\u00e1spora y para los pa\u00edses de acogida.<\/div>\n<div><\/div>\n<div>A lo largo de cinco a\u00f1os, esa misi\u00f3n se ha traducido en un cuerpo de trabajo que articula investigaci\u00f3n, arte, gastronom\u00eda y memoria. El proyecto ha demostrado que la arepa puede funcionar como archivo de experiencia cotidiana, herramienta pedag\u00f3gica y s\u00edmbolo de pertenencia dentro y fuera de Venezuela.<\/div>\n<div><\/div>\n<div>La reciente Medalla de Plata y la Menci\u00f3n de Honor obtenidas por \u00abUna Arepa para el Futuro\u00bb en los International Latino Book Awards no son solo un reconocimiento editorial: confirman que la historia de la arepa, narrada desde Venezuela y cuidadosamente traducida al ingl\u00e9s, tiene un lugar leg\u00edtimo en la conversaci\u00f3n global sobre identidad y gastronom\u00eda.<\/div>\n<div>\n<div class=\"boldPhotoSlide\"><div class=\"bpbItem\"><img decoding=\"async\" src=\"https:\/\/arraigofoundation.org\/wp-content\/uploads\/2026\/01\/best-in-the-world-gourmand-awards-2025-una-arepa-hecha-postal-historia-de-la-arepa-arraigo-foundation.png\" alt=\"best in the world gourmand awards 2025 una arepa hecha postal historia de la arepa arraigo foundation\"><\/div><div class=\"bpbItem\"><img decoding=\"async\" src=\"https:\/\/arraigofoundation.org\/wp-content\/uploads\/2026\/01\/remio-especial-30-aniversario-gourmand-awards-una-arepa-para-el-futuro-historia-de-la-arepa-arraigo-foundation.png\" alt=\"`remio especial 30 aniversario gourmand awards una arepa para el futuro historia de la arepa arraigo foundation\"><\/div><div class=\"bpbItem\"><img decoding=\"async\" src=\"https:\/\/arraigofoundation.org\/wp-content\/uploads\/2026\/01\/4-nominaciones-a-los-premios-gourmand-awards-una-arepa-hecha-postal-historia-de-la-arepa-arraigo-foundation.png\" alt=\"4 nominaciones a los premios gourmand awards una arepa hecha postal historia de la arepa arraigo foundation\"><\/div><div class=\"bpbItem\"><img decoding=\"async\" src=\"https:\/\/arraigofoundation.org\/wp-content\/uploads\/2026\/01\/una-arepa-hecha-postal-tenedor-de-oro-avg-historia-de-la-arepa-arraigo-foundation-1280x1600.jpg\" alt=\"una arepa hecha postal tenedor de oro avg historia de la arepa arraigo foundation\"><\/div><\/div>\n<\/div>\n<div><\/div>\n<div>As\u00ed como tambi\u00e9n el Gourmand Awards a Best book in the world y otras 3 nominaciones para &lt;&lt;Una arepa hecha postal&gt;&gt; y el Tenedor de Oro a Mejor publicaci\u00f2n del a\u00f1o, otorgada por la Academia Venezolana de Gastronom\u00eca.<\/div>\n<div><\/div>\n<h2>\u00abUna Arepa Hecha Postal\u00bb: un libro-objeto que se abre como experiencia<\/h2>\n<div>Dentro de este ecosistema, \u00abUna Arepa Hecha Postal: 47 Visiones y 16 Sabores\u00bb se ha consolidado como una pieza clave. Bajo el sello Historia de la Arepa y el respaldo de Arraigo Group y Arraigo Foundation, este libro-objeto re\u00fane en una caja:<\/div>\n<div><\/div>\n<ul>\n<li>47 obras de arte en formato postal, creadas por artistas venezolanos que toman la arepa como punto de partida para hablar de humor, cr\u00edtica, nostalgia y pertenencia.<\/li>\n<li>16 arepas de autor concebidas por chefs de referencia, cada una asociada a valores que reconocemos como parte del gentilicio venezolano.<\/li>\n<li>Textos de reflexi\u00f3n que ponen en di\u00e1logo arte, gastronom\u00eda y memoria cultural.<\/li>\n<\/ul>\n<div>\n<div class=\"boldPhotoSlide\"><div class=\"bpbItem\"><img decoding=\"async\" src=\"https:\/\/arraigofoundation.org\/wp-content\/uploads\/2026\/01\/andreina-acero-una-arepa-hecha-postal-arraigo-foundation.jpg\" alt=\"andreina acero una arepa hecha postal arraigo foundation\"><\/div><div class=\"bpbItem\"><img decoding=\"async\" src=\"https:\/\/arraigofoundation.org\/wp-content\/uploads\/2026\/01\/arepas-super-poderosas-golden-205-una-arepa-hecha-postal-historia-de-la-arepa-arraigo-foundation.jpg\" alt=\"arepas super poderosas golden 205 una arepa hecha postal historia de la arepa arraigo foundation\"><\/div><div class=\"bpbItem\"><img decoding=\"async\" src=\"https:\/\/arraigofoundation.org\/wp-content\/uploads\/2026\/01\/bernardita-rakos-arepa-una-arepa-hecha-postal-arraigo-foundation-historia-de-la-arepa.jpg\" alt=\"bernardita rakos arepa una arepa hecha postal arraigo foundation historia de la arepa\"><\/div><div class=\"bpbItem\"><img decoding=\"async\" src=\"https:\/\/arraigofoundation.org\/wp-content\/uploads\/2026\/01\/edo-sanabria-una-arepa-hecha-postal-historia-de-la-arepa-una-arep-bajo-el-brazo-arraigo-foundation.jpg\" alt=\"edo sanabria una arepa hecha postal historia de la arepa una arep bajo el brazo arraigo foundation\"><\/div><div class=\"bpbItem\"><img decoding=\"async\" src=\"https:\/\/arraigofoundation.org\/wp-content\/uploads\/2026\/01\/jorge-el-nino-torrealba-arepa-pela-una-arepa-hecha-postal-historia-de-la-arepa-arraigo-foundation.jpg\" alt=\"jorge el nin\u0303o torrealba arepa pela una arepa hecha postal historia de la arepa arraigo foundation\"><\/div><div class=\"bpbItem\"><img decoding=\"async\" src=\"https:\/\/arraigofoundation.org\/wp-content\/uploads\/2026\/01\/onofre-frias-queso-de-mano-con-guayanes-una-arepa-hecha-postal-historia-de-la-arepa-arraigo-foundation.jpg\" alt=\"onofre frias queso de mano con guayanes una arepa hecha postal historia de la arepa arraigo foundation\"><\/div><div class=\"bpbItem\"><img decoding=\"async\" src=\"https:\/\/arraigofoundation.org\/wp-content\/uploads\/2026\/01\/pedro-tineo-arepa-pelua-una-arepa-hecha-postal-historia-de-la-arepa-arraigo-foundation.jpg\" alt=\"pedro tineo arepa pelua una arepa hecha postal historia de la arepa arraigo foundation\"><\/div><div class=\"bpbItem\"><img decoding=\"async\" src=\"https:\/\/arraigofoundation.org\/wp-content\/uploads\/2026\/01\/una-arepa-hecha-postal-luis-rodriguez-reina-pepiada-una-arepa-hecha-postal-historia-de-la-arepa-arraigo-foundation.jpg\" alt=\"una arepa hecha postal luis rodriguez reina pepiada una arepa hecha postal historia de la arepa arraigo foundation\"><\/div><\/div>\n<\/div>\n<div>No es un libro que simplemente se lee: es un objeto que se abre, se mira, se toca, se cocina y se comparte. La compilaci\u00f3n de Ximena Montilla y el concepto gr\u00e1fico de Ira Le\u00f3n organizan un coro de m\u00e1s de 60 voces entre artistas, cocineros e investigadores, en el que la arepa deja de ser solo alimento y se convierte en lenguaje.<\/div>\n<div>\n<div class=\"boldPhotoSlide\"><div class=\"bpbItem\"><img decoding=\"async\" src=\"https:\/\/arraigofoundation.org\/wp-content\/uploads\/2026\/01\/casa-mejillon-pilar-cabrera-una-arepa-hecha-postal-la-sustentabilidad.jpg\" alt=\"casa mejillon pilar cabrera una arepa hecha postal la sustentabilidad\"><\/div><div class=\"bpbItem\"><img decoding=\"async\" src=\"https:\/\/arraigofoundation.org\/wp-content\/uploads\/2026\/01\/chucho-rojas-arepa-arraigo-una-arepa-hecha-postal-historia-de-la-arepa.jpg\" alt=\"chucho rojas arepa arraigo una arepa hecha postal historia de la arepa\"><\/div><div class=\"bpbItem\"><img decoding=\"async\" src=\"https:\/\/arraigofoundation.org\/wp-content\/uploads\/2026\/01\/Daniel-torrealba-una-arepa-hecha-postal-historia-de-la-arepa-arraigo-foundation.jpg\" alt=\"Daniel torrealba una arepa hecha postal historia de la arepa arraigo foundation\"><\/div><div class=\"bpbItem\"><img decoding=\"async\" src=\"https:\/\/arraigofoundation.org\/wp-content\/uploads\/2026\/01\/hector-romero-arepa-amanecer-una-arepa-hecha-postal-arraigo-foundation-.jpg\" alt=\"hector romero arepa amanecer una arepa hecha postal arraigo foundation\"><\/div><div class=\"bpbItem\"><img decoding=\"async\" src=\"https:\/\/arraigofoundation.org\/wp-content\/uploads\/2026\/01\/karin-requena-una-arepa-hecha-postal.jpg\" alt=\"karin requena una arepa hecha postal\"><\/div><\/div>\n<\/div>\n<div><\/div>\n<h2>De Caracas a Miami: la ruta de una caja que cuenta pa\u00eds<\/h2>\n<div>\u00abUna Arepa Hecha Postal\u00bb dej\u00f3 claro que no es solo un libro-objeto, sino una plataforma cultural en movimiento:<\/div>\n<div><\/div>\n<ul>\n<li><b>Caracas<\/b>: la presentaci\u00f3n en el Instituto Superior Mariano Moreno y en la Librer\u00eda El Busc\u00f3n confirm\u00f3 su alcance acad\u00e9mico y gastron\u00f3mico, con conversatorios junto a voces de referencia como Ivanova Dec\u00e1n Gamb\u00fas y Miro Popic.<\/li>\n<\/ul>\n<div class=\"boldPhotoSlide\"><div class=\"bpbItem\"><img decoding=\"async\" src=\"https:\/\/arraigofoundation.org\/wp-content\/uploads\/2026\/01\/alberto-veloz-corina-briceno-una-arepa-hecha-postal-lanzamiento-instituto-superior-mariano-moreno-historia-de-la-arepa-arraigo-foundation.png\" alt=\"alberto veloz corina bricen\u0303o una arepa hecha postal lanzamiento instituto superior mariano moreno historia de la arepa arraigo foundation\"><\/div><div class=\"bpbItem\"><img decoding=\"async\" src=\"https:\/\/arraigofoundation.org\/wp-content\/uploads\/2026\/01\/corina-briceno-una-arepa-hecha-postal-mariano-moreno-historia-de-la-arepa-arraigo-foundation-eventos-de-lanzamiento-1280x2012.jpg\" alt=\"corina bricen\u0303o una arepa hecha postal mariano moreno historia de la arepa arraigo foundation eventos de lanzamiento\"><\/div><div class=\"bpbItem\"><img decoding=\"async\" src=\"https:\/\/arraigofoundation.org\/wp-content\/uploads\/2026\/01\/arepa-pela-pilar-cabrera-argenis-una-arepa-hecha-postal-casa-mejillon-mariano-moreno-arraigo-foundation.png\" alt=\"arepa pela pilar cabrera argenis una arepa hecha postal casa mejillon mariano moreno arraigo foundation\"><\/div><div class=\"bpbItem\"><img decoding=\"async\" src=\"https:\/\/arraigofoundation.org\/wp-content\/uploads\/2026\/01\/evento-de-lanzamiento-en-el-ismm-mariano-moreno-una-arepa-hecha-postalcaracas-historia-de-la-arepa-arraigo-foundation.png\" alt=\"evento de lanzamiento en el ismm mariano moreno una arepa hecha postalcaracas historia de la arepa arraigo foundation\"><\/div><div class=\"bpbItem\"><img decoding=\"async\" src=\"https:\/\/arraigofoundation.org\/wp-content\/uploads\/2026\/01\/ivanova-decan-gambus-ira-leon-adriana-gibbs-instituto-superior-mariano-moreno-historia-de-la-arepa-una-arepa-hecha-postal-arraigo-foundation.png\" alt=\"ivanova decan gambus ira leon adriana gibbs instituto superior mariano moreno historia de la arepa una arepa hecha postal arraigo foundation\"><\/div><div class=\"bpbItem\"><img decoding=\"async\" src=\"https:\/\/arraigofoundation.org\/wp-content\/uploads\/2026\/01\/Luis-muller-una-arepa-hecha-postal-evento-de-lanzamiento-mariano-moreno-historia-de-la-arepa-arraigo-foundation.png\" alt=\"Luis muller una arepa hecha postal evento de lanzamiento mariano moreno historia de la arepa arraigo foundation\"><\/div><div class=\"bpbItem\"><img decoding=\"async\" src=\"https:\/\/arraigofoundation.org\/wp-content\/uploads\/2026\/01\/ira-leon-miro-popic-una-arepa-hecha-postal-evento-de-lanzamiento-mariano-moreno-arraigo-foundation.png\" alt=\"ira leon miro popic una arepa hecha postal evento de lanzamiento mariano moreno arraigo foundation\"><\/div><\/div>\n<ul>\n<li><b>FILUC, Valencia (Venezuela)<\/b>: el 29 de octubre el proyecto se present\u00f3 en la Feria Internacional del Libro de la Universidad de Carabobo, donde se comparti\u00f3 la historia y el proceso del libro-objeto ante una feria con decenas de miles de asistentes.<\/li>\n<\/ul>\n<div class=\"boldPhotoSlide\"><div class=\"bpbItem\"><img decoding=\"async\" src=\"https:\/\/arraigofoundation.org\/wp-content\/uploads\/2026\/01\/ira-leon-mamazory-una-arepa-hecha-postal-filuc-arraigo-foundation.jpg\" alt=\"ira leon mamazory una arepa hecha postal filuc arraigo foundation\"><\/div><div class=\"bpbItem\"><img decoding=\"async\" src=\"https:\/\/arraigofoundation.org\/wp-content\/uploads\/2026\/01\/miro-popic-e-ira-leon-en-la-presentacion-filuc-de-una-arepa-hecha-postal-arraigo-foundation-historia-de-la-arepa.jpg\" alt=\"miro popic e ira leon en la presentacion filuc de una arepa hecha postal arraigo foundation historia de la arepa\"><\/div><div class=\"bpbItem\"><img decoding=\"async\" src=\"https:\/\/arraigofoundation.org\/wp-content\/uploads\/2026\/01\/una-arepa-hecha-postal--1280x720.jpg\" alt=\"una arepa hecha postal\"><\/div><\/div>\n<p>&nbsp;<\/p>\n<ul>\n<li><b>DIAF, Doral<\/b>: en la Doral International Art Fair, \u00abUna Arepa Hecha Postal\u00bb se ley\u00f3 como pieza de arte contempor\u00e1neo, en di\u00e1logo con artistas como Muu Blanco y Alexandra de Yavorsky.<\/li>\n<\/ul>\n<div class=\"boldPhotoSlide\"><div class=\"bpbItem\"><img decoding=\"async\" src=\"https:\/\/arraigofoundation.org\/wp-content\/uploads\/2026\/01\/alejandra-de-yavotsky-muu-blanco-doral-international-artfair-una-arepa-hecha-postal-historia-de-la-arepa-arraigo-foundation-.png\" alt=\"alejandra de yavotsky muu blanco doral international artfair una arepa hecha postal historia de la arepa arraigo foundation\"><\/div><div class=\"bpbItem\"><img decoding=\"async\" src=\"https:\/\/arraigofoundation.org\/wp-content\/uploads\/2026\/01\/doral-international-art-fair-diaf-ximena-montilla-muu-blanco-una-arepa-hecha-postal-arraigo-foundation.png\" alt=\"doral international art fair diaf ximena montilla muu blanco una arepa hecha postal arraigo foundation\"><\/div><\/div>\n<ul>\n<li><b>KIOSKO en NADA Miami 2025<\/b>: integrado a la instalaci\u00f3n del colectivo EL CONSULADO NYC, el libro-objeto form\u00f3 parte de un \u201ckiosko\u201d n\u00f3mada que reinterpreta ese espacio cotidiano venezolano como micro-museo de memoria y pertenencia. All\u00ed, la arepa y la postal funcionaron como s\u00edntesis del proyecto: alimento que nos une y mensaje que viaja con la di\u00e1spora.<\/li>\n<\/ul>\n<div class=\"boldPhotoSlide\"><div class=\"bpbItem\"><img decoding=\"async\" src=\"https:\/\/arraigofoundation.org\/wp-content\/uploads\/2026\/01\/fundacion-arraigo-una-arepa-gecga-postal-historia-de-la-arepa-el-kiosko-el-consulado-nyc.jpg\" alt=\"fundacion arraigo una arepa gecga postal historia de la arepa el kiosko el consulado nyc\"><\/div><div class=\"bpbItem\"><img decoding=\"async\" src=\"https:\/\/arraigofoundation.org\/wp-content\/uploads\/2026\/01\/una-arepa-hecha-postal-arraigo-foundation-el-kiosko-nada-miami-2025-historia-de-la-arepa.jpg\" alt=\"una arepa hecha postal arraigo foundation el kiosko nada miami 2025 historia de la arepa\"><\/div><div class=\"bpbItem\"><img decoding=\"async\" src=\"https:\/\/arraigofoundation.org\/wp-content\/uploads\/2026\/01\/una-arepa-hecha-postal-el-kiosko-el-consulado-nyx-una-arepa-hecha-postal-historia-de-la-arepa-fundacion-arraigo.jpg\" alt=\"una arepa hecha postal el kiosko el consulado nyx una arepa hecha postal historia de la arepa fundacion arraigo\"><\/div><\/div>\n<div><\/div>\n<div>Para Arraigo Foundation, este recorrido confirma que el apoyo sostenido a Historia de la Arepa desde 2023 no es decorativo: contribuye a que la presencia cultural venezolana tenga voz y forma concreta en espacios clave dentro y fuera del pa\u00eds.<\/div>\n<div><\/div>\n<h2>Por qu\u00e9 este cierre de a\u00f1o mira hacia una caja de postales<\/h2>\n<div>El valor de \u00abUna Arepa Hecha Postal\u00bb no est\u00e1 solo en su dise\u00f1o ni en la cantidad de colaboradores. Su aporte central es que funciona como herramienta de memoria y de conversaci\u00f3n.<\/div>\n<div><\/div>\n<div>Las postales permiten abordar temas de identidad, migraci\u00f3n y pertenencia de manera accesible, mientras que las recetas abren espacio para la transmisi\u00f3n cultural en la pr\u00e1ctica cotidiana: cocinar, compartir, recordar, reinterpretar.<\/div>\n<div><\/div>\n<div>As\u00ed, la misi\u00f3n de Historia de la Arepa se vuelve concreta: no se queda en la declaraci\u00f3n, se ejecuta en cada obra, en cada receta, en cada encuentro que el libro activa.<\/div>\n<div><\/div>\n<div>\n<h2>Invitaci\u00f3n abierta: descarga gratuiramente \u00abUna Arepa Hecha Postal\u00bb<\/h2>\n<div>Hoy \u00abUna Arepa Hecha Postal\u00bb est\u00e1 al alcance en tres niveles complementarios: digital, libro-objeto y edici\u00f3n impresa est\u00e1ndar.<\/div>\n<div><\/div>\n<ul>\n<li>Acceso digital gratuito: la versi\u00f3n Ebook puede descargarse sin costo desde <strong><a href=\"https:\/\/historiadelaarepa.com\/\">la web de Historia de la Arepa,<\/a> <\/strong>en la secci\u00f3n de publicaciones. Es la forma m\u00e1s directa de acercarse al contenido, explorar las 63 postales y usar el material como recurso de lectura, trabajo pedag\u00f3gico o inspiraci\u00f3n creativa.<\/li>\n<\/ul>\n<div>.<\/div>\n<div><\/div>\n<h2>Un agradecimiento y una responsabilidad compartida<\/h2>\n<div>Ninguno de estos logros ser\u00eda posible sin una red amplia y diversa de artistas, chefs, traductores, editores, correctores, dise\u00f1adores, escuelas de cocina, aliados culturales y patrocinantes que han apostado por una visi\u00f3n com\u00fan: la identidad se sostiene cuando se estudia, se cultiva y se comparte con seriedad.<\/div>\n<div><\/div>\n<div>Desde 2023, el papel de Arraigo Foundation ha sido acompa\u00f1ar, fortalecer y dar estabilidad institucional a Historia de la Arepa. Hoy, al ver consolidarse proyectos como \u00abUna Arepa Hecha Postal\u00bb y \u00abUna Arepa para el Futuro\u00bb, podemos afirmar con rigor que el trabajo conjunto est\u00e1 generando resultados medibles en t\u00e9rminos de memoria, circulaci\u00f3n de contenidos y proyecci\u00f3n internacional.<\/div>\n<div><\/div>\n<div><\/div>\n<div><\/div>\n<div><\/div>\n<div><\/div>\n<\/div>\n<div><\/div>","protected":false},"excerpt":{"rendered":"<p>&nbsp; En Arraigo Foundation cerramos este a\u00f1o con una certeza: cuando la identidad se cuida, se investiga y se comparte, trasciende el discurso y se convierte en pr\u00e1ctica cultural. Desde [&hellip;]<\/p>\n","protected":false},"author":3,"featured_media":4383,"comment_status":"closed","ping_status":"closed","sticky":false,"template":"","format":"standard","meta":{"_jetpack_newsletter_access":"","_jetpack_dont_email_post_to_subs":false,"_jetpack_newsletter_tier_id":0,"_jetpack_memberships_contains_paywalled_content":false,"_jetpack_feature_clip_id":0,"_jetpack_memberships_contains_paid_content":false,"footnotes":"","jetpack_post_was_ever_published":false},"categories":[26],"tags":[231,230,103,229,127,124,197,109,210,234,233,232,228,115,110],"class_list":["post-4382","post","type-post","status-publish","format-standard","has-post-thumbnail","hentry","category-arraigo","tag-amantes-de-la-arepa","tag-arepa","tag-arraigo-foundation","tag-arte-venezolana","tag-cultura","tag-gastronomia-venezolana","tag-gourmand-awards","tag-historia-de-la-arepa","tag-identidad","tag-lenguaje","tag-premios-ilba","tag-recetas-de-arepa","tag-una-arepa-hecha-postal","tag-una-arepa-para-el-futuro","tag-ximena-montilla"],"yoast_head":"<!-- This site is optimized with the Yoast SEO plugin v28.3 - https:\/\/yoast.com\/product\/yoast-seo-wordpress\/ -->\n<title>Cinco a\u00f1os de Historia de la Arepa: un cierre de a\u00f1o para abrir una caja llena de memoria - Arraigo Group Foundation<\/title>\n<meta name=\"robots\" content=\"index, follow, max-snippet:-1, max-image-preview:large, max-video-preview:-1\" \/>\n<link rel=\"canonical\" href=\"https:\/\/arraigofoundation.org\/en\/2026\/01\/13\/cinco-anos-de-historia-de-la-arepa-un-cierre-de-ano-para-abrir-una-caja-llena-de-memoria\/\" \/>\n<meta property=\"og:locale\" content=\"en_US\" \/>\n<meta property=\"og:type\" content=\"article\" \/>\n<meta property=\"og:title\" content=\"Cinco a\u00f1os de Historia de la Arepa: un cierre de a\u00f1o para abrir una caja llena de memoria - Arraigo Group Foundation\" \/>\n<meta property=\"og:description\" content=\"&nbsp; En Arraigo Foundation cerramos este a\u00f1o con una certeza: cuando la identidad se cuida, se investiga y se comparte, trasciende el discurso y se convierte en pr\u00e1ctica cultural. Desde [&hellip;]\" \/>\n<meta property=\"og:url\" content=\"https:\/\/arraigofoundation.org\/en\/2026\/01\/13\/cinco-anos-de-historia-de-la-arepa-un-cierre-de-ano-para-abrir-una-caja-llena-de-memoria\/\" \/>\n<meta property=\"og:site_name\" content=\"Arraigo Group Foundation\" \/>\n<meta property=\"article:published_time\" content=\"2026-01-13T21:38:22+00:00\" \/>\n<meta property=\"article:modified_time\" content=\"2026-02-11T18:50:10+00:00\" \/>\n<meta property=\"og:image\" content=\"https:\/\/arraigofoundation.org\/wp-content\/uploads\/2026\/01\/imagen-destacada-una-arepa-hecha-postal-arraigo-foundation-historia-de-la-arepa-.png\" \/>\n\t<meta property=\"og:image:width\" content=\"1200\" \/>\n\t<meta property=\"og:image:height\" content=\"800\" \/>\n\t<meta property=\"og:image:type\" content=\"image\/png\" \/>\n<meta name=\"author\" content=\"Arraigo Fundation\" \/>\n<meta name=\"twitter:card\" content=\"summary_large_image\" \/>\n<meta name=\"twitter:label1\" content=\"Written by\" \/>\n\t<meta name=\"twitter:data1\" content=\"Arraigo Fundation\" \/>\n\t<meta name=\"twitter:label2\" content=\"Est. reading time\" \/>\n\t<meta name=\"twitter:data2\" content=\"12 minutes\" \/>\n<script type=\"application\/ld+json\" class=\"yoast-schema-graph\">{\"@context\":\"https:\\\/\\\/schema.org\",\"@graph\":[{\"@type\":\"Article\",\"@id\":\"https:\\\/\\\/arraigofoundation.org\\\/2026\\\/01\\\/13\\\/cinco-anos-de-historia-de-la-arepa-un-cierre-de-ano-para-abrir-una-caja-llena-de-memoria\\\/#article\",\"isPartOf\":{\"@id\":\"https:\\\/\\\/arraigofoundation.org\\\/2026\\\/01\\\/13\\\/cinco-anos-de-historia-de-la-arepa-un-cierre-de-ano-para-abrir-una-caja-llena-de-memoria\\\/\"},\"author\":{\"name\":\"Arraigo Fundation\",\"@id\":\"https:\\\/\\\/arraigofoundation.org\\\/#\\\/schema\\\/person\\\/00c79e10654ea29d4c1f432d08d42c25\"},\"headline\":\"Cinco a\u00f1os de Historia de la Arepa: un cierre de a\u00f1o para abrir una caja llena de memoria\",\"datePublished\":\"2026-01-13T21:38:22+00:00\",\"dateModified\":\"2026-02-11T18:50:10+00:00\",\"mainEntityOfPage\":{\"@id\":\"https:\\\/\\\/arraigofoundation.org\\\/2026\\\/01\\\/13\\\/cinco-anos-de-historia-de-la-arepa-un-cierre-de-ano-para-abrir-una-caja-llena-de-memoria\\\/\"},\"wordCount\":1181,\"image\":{\"@id\":\"https:\\\/\\\/arraigofoundation.org\\\/2026\\\/01\\\/13\\\/cinco-anos-de-historia-de-la-arepa-un-cierre-de-ano-para-abrir-una-caja-llena-de-memoria\\\/#primaryimage\"},\"thumbnailUrl\":\"https:\\\/\\\/arraigofoundation.org\\\/wp-content\\\/uploads\\\/2026\\\/01\\\/imagen-destacada-una-arepa-hecha-postal-arraigo-foundation-historia-de-la-arepa-.png\",\"keywords\":[\"amantes de la arepa\",\"arepa\",\"arraigo foundation\",\"arte venezolana\",\"cultura\",\"gastronomia venezolana\",\"gourmand awards\",\"historia de la arepa\",\"identidad\",\"lenguaje\",\"premios ilba\",\"recetas de arepa\",\"una arepa hecha postal\",\"una arepa para el futuro\",\"ximena montilla\"],\"articleSection\":[\"Arraigo\"],\"inLanguage\":\"en-US\"},{\"@type\":\"WebPage\",\"@id\":\"https:\\\/\\\/arraigofoundation.org\\\/2026\\\/01\\\/13\\\/cinco-anos-de-historia-de-la-arepa-un-cierre-de-ano-para-abrir-una-caja-llena-de-memoria\\\/\",\"url\":\"https:\\\/\\\/arraigofoundation.org\\\/2026\\\/01\\\/13\\\/cinco-anos-de-historia-de-la-arepa-un-cierre-de-ano-para-abrir-una-caja-llena-de-memoria\\\/\",\"name\":\"Cinco a\u00f1os de Historia de la Arepa: un cierre de a\u00f1o para abrir una caja llena de memoria - Arraigo Group Foundation\",\"isPartOf\":{\"@id\":\"https:\\\/\\\/arraigofoundation.org\\\/#website\"},\"primaryImageOfPage\":{\"@id\":\"https:\\\/\\\/arraigofoundation.org\\\/2026\\\/01\\\/13\\\/cinco-anos-de-historia-de-la-arepa-un-cierre-de-ano-para-abrir-una-caja-llena-de-memoria\\\/#primaryimage\"},\"image\":{\"@id\":\"https:\\\/\\\/arraigofoundation.org\\\/2026\\\/01\\\/13\\\/cinco-anos-de-historia-de-la-arepa-un-cierre-de-ano-para-abrir-una-caja-llena-de-memoria\\\/#primaryimage\"},\"thumbnailUrl\":\"https:\\\/\\\/arraigofoundation.org\\\/wp-content\\\/uploads\\\/2026\\\/01\\\/imagen-destacada-una-arepa-hecha-postal-arraigo-foundation-historia-de-la-arepa-.png\",\"datePublished\":\"2026-01-13T21:38:22+00:00\",\"dateModified\":\"2026-02-11T18:50:10+00:00\",\"author\":{\"@id\":\"https:\\\/\\\/arraigofoundation.org\\\/#\\\/schema\\\/person\\\/00c79e10654ea29d4c1f432d08d42c25\"},\"breadcrumb\":{\"@id\":\"https:\\\/\\\/arraigofoundation.org\\\/2026\\\/01\\\/13\\\/cinco-anos-de-historia-de-la-arepa-un-cierre-de-ano-para-abrir-una-caja-llena-de-memoria\\\/#breadcrumb\"},\"inLanguage\":\"en-US\",\"potentialAction\":[{\"@type\":\"ReadAction\",\"target\":[\"https:\\\/\\\/arraigofoundation.org\\\/2026\\\/01\\\/13\\\/cinco-anos-de-historia-de-la-arepa-un-cierre-de-ano-para-abrir-una-caja-llena-de-memoria\\\/\"]}]},{\"@type\":\"ImageObject\",\"inLanguage\":\"en-US\",\"@id\":\"https:\\\/\\\/arraigofoundation.org\\\/2026\\\/01\\\/13\\\/cinco-anos-de-historia-de-la-arepa-un-cierre-de-ano-para-abrir-una-caja-llena-de-memoria\\\/#primaryimage\",\"url\":\"https:\\\/\\\/arraigofoundation.org\\\/wp-content\\\/uploads\\\/2026\\\/01\\\/imagen-destacada-una-arepa-hecha-postal-arraigo-foundation-historia-de-la-arepa-.png\",\"contentUrl\":\"https:\\\/\\\/arraigofoundation.org\\\/wp-content\\\/uploads\\\/2026\\\/01\\\/imagen-destacada-una-arepa-hecha-postal-arraigo-foundation-historia-de-la-arepa-.png\",\"width\":1200,\"height\":800},{\"@type\":\"BreadcrumbList\",\"@id\":\"https:\\\/\\\/arraigofoundation.org\\\/2026\\\/01\\\/13\\\/cinco-anos-de-historia-de-la-arepa-un-cierre-de-ano-para-abrir-una-caja-llena-de-memoria\\\/#breadcrumb\",\"itemListElement\":[{\"@type\":\"ListItem\",\"position\":1,\"name\":\"Home\",\"item\":\"https:\\\/\\\/arraigofoundation.org\\\/\"},{\"@type\":\"ListItem\",\"position\":2,\"name\":\"Cinco a\u00f1os de Historia de la Arepa: un cierre de a\u00f1o para abrir una caja llena de memoria\"}]},{\"@type\":\"WebSite\",\"@id\":\"https:\\\/\\\/arraigofoundation.org\\\/#website\",\"url\":\"https:\\\/\\\/arraigofoundation.org\\\/\",\"name\":\"Arraigo Group Foundation\",\"description\":\"\",\"potentialAction\":[{\"@type\":\"SearchAction\",\"target\":{\"@type\":\"EntryPoint\",\"urlTemplate\":\"https:\\\/\\\/arraigofoundation.org\\\/?s={search_term_string}\"},\"query-input\":{\"@type\":\"PropertyValueSpecification\",\"valueRequired\":true,\"valueName\":\"search_term_string\"}}],\"inLanguage\":\"en-US\"},{\"@type\":\"Person\",\"@id\":\"https:\\\/\\\/arraigofoundation.org\\\/#\\\/schema\\\/person\\\/00c79e10654ea29d4c1f432d08d42c25\",\"name\":\"Arraigo Fundation\",\"image\":{\"@type\":\"ImageObject\",\"inLanguage\":\"en-US\",\"@id\":\"https:\\\/\\\/secure.gravatar.com\\\/avatar\\\/966e4855722b7e1d3d9b2dd29ea9c420cf7be92d910d64fce25ffe2132210db1?s=96&d=mm&r=g\",\"url\":\"https:\\\/\\\/secure.gravatar.com\\\/avatar\\\/966e4855722b7e1d3d9b2dd29ea9c420cf7be92d910d64fce25ffe2132210db1?s=96&d=mm&r=g\",\"contentUrl\":\"https:\\\/\\\/secure.gravatar.com\\\/avatar\\\/966e4855722b7e1d3d9b2dd29ea9c420cf7be92d910d64fce25ffe2132210db1?s=96&d=mm&r=g\",\"caption\":\"Arraigo Fundation\"},\"url\":\"https:\\\/\\\/arraigofoundation.org\\\/en\\\/author\\\/arraigo\\\/\"}]}<\/script>\n<!-- \/ Yoast SEO plugin. -->","yoast_head_json":{"title":"Cinco a\u00f1os de Historia de la Arepa: un cierre de a\u00f1o para abrir una caja llena de memoria - Arraigo Group Foundation","robots":{"index":"index","follow":"follow","max-snippet":"max-snippet:-1","max-image-preview":"max-image-preview:large","max-video-preview":"max-video-preview:-1"},"canonical":"https:\/\/arraigofoundation.org\/en\/2026\/01\/13\/cinco-anos-de-historia-de-la-arepa-un-cierre-de-ano-para-abrir-una-caja-llena-de-memoria\/","og_locale":"en_US","og_type":"article","og_title":"Cinco a\u00f1os de Historia de la Arepa: un cierre de a\u00f1o para abrir una caja llena de memoria - Arraigo Group Foundation","og_description":"&nbsp; En Arraigo Foundation cerramos este a\u00f1o con una certeza: cuando la identidad se cuida, se investiga y se comparte, trasciende el discurso y se convierte en pr\u00e1ctica cultural. Desde [&hellip;]","og_url":"https:\/\/arraigofoundation.org\/en\/2026\/01\/13\/cinco-anos-de-historia-de-la-arepa-un-cierre-de-ano-para-abrir-una-caja-llena-de-memoria\/","og_site_name":"Arraigo Group Foundation","article_published_time":"2026-01-13T21:38:22+00:00","article_modified_time":"2026-02-11T18:50:10+00:00","og_image":[{"width":1200,"height":800,"url":"https:\/\/arraigofoundation.org\/wp-content\/uploads\/2026\/01\/imagen-destacada-una-arepa-hecha-postal-arraigo-foundation-historia-de-la-arepa-.png","type":"image\/png"}],"author":"Arraigo Fundation","twitter_card":"summary_large_image","twitter_misc":{"Written by":"Arraigo Fundation","Est. reading time":"12 minutes"},"schema":{"@context":"https:\/\/schema.org","@graph":[{"@type":"Article","@id":"https:\/\/arraigofoundation.org\/2026\/01\/13\/cinco-anos-de-historia-de-la-arepa-un-cierre-de-ano-para-abrir-una-caja-llena-de-memoria\/#article","isPartOf":{"@id":"https:\/\/arraigofoundation.org\/2026\/01\/13\/cinco-anos-de-historia-de-la-arepa-un-cierre-de-ano-para-abrir-una-caja-llena-de-memoria\/"},"author":{"name":"Arraigo Fundation","@id":"https:\/\/arraigofoundation.org\/#\/schema\/person\/00c79e10654ea29d4c1f432d08d42c25"},"headline":"Cinco a\u00f1os de Historia de la Arepa: un cierre de a\u00f1o para abrir una caja llena de memoria","datePublished":"2026-01-13T21:38:22+00:00","dateModified":"2026-02-11T18:50:10+00:00","mainEntityOfPage":{"@id":"https:\/\/arraigofoundation.org\/2026\/01\/13\/cinco-anos-de-historia-de-la-arepa-un-cierre-de-ano-para-abrir-una-caja-llena-de-memoria\/"},"wordCount":1181,"image":{"@id":"https:\/\/arraigofoundation.org\/2026\/01\/13\/cinco-anos-de-historia-de-la-arepa-un-cierre-de-ano-para-abrir-una-caja-llena-de-memoria\/#primaryimage"},"thumbnailUrl":"https:\/\/arraigofoundation.org\/wp-content\/uploads\/2026\/01\/imagen-destacada-una-arepa-hecha-postal-arraigo-foundation-historia-de-la-arepa-.png","keywords":["amantes de la arepa","arepa","arraigo foundation","arte venezolana","cultura","gastronomia venezolana","gourmand awards","historia de la arepa","identidad","lenguaje","premios ilba","recetas de arepa","una arepa hecha postal","una arepa para el futuro","ximena montilla"],"articleSection":["Arraigo"],"inLanguage":"en-US"},{"@type":"WebPage","@id":"https:\/\/arraigofoundation.org\/2026\/01\/13\/cinco-anos-de-historia-de-la-arepa-un-cierre-de-ano-para-abrir-una-caja-llena-de-memoria\/","url":"https:\/\/arraigofoundation.org\/2026\/01\/13\/cinco-anos-de-historia-de-la-arepa-un-cierre-de-ano-para-abrir-una-caja-llena-de-memoria\/","name":"Cinco a\u00f1os de Historia de la Arepa: un cierre de a\u00f1o para abrir una caja llena de memoria - Arraigo Group Foundation","isPartOf":{"@id":"https:\/\/arraigofoundation.org\/#website"},"primaryImageOfPage":{"@id":"https:\/\/arraigofoundation.org\/2026\/01\/13\/cinco-anos-de-historia-de-la-arepa-un-cierre-de-ano-para-abrir-una-caja-llena-de-memoria\/#primaryimage"},"image":{"@id":"https:\/\/arraigofoundation.org\/2026\/01\/13\/cinco-anos-de-historia-de-la-arepa-un-cierre-de-ano-para-abrir-una-caja-llena-de-memoria\/#primaryimage"},"thumbnailUrl":"https:\/\/arraigofoundation.org\/wp-content\/uploads\/2026\/01\/imagen-destacada-una-arepa-hecha-postal-arraigo-foundation-historia-de-la-arepa-.png","datePublished":"2026-01-13T21:38:22+00:00","dateModified":"2026-02-11T18:50:10+00:00","author":{"@id":"https:\/\/arraigofoundation.org\/#\/schema\/person\/00c79e10654ea29d4c1f432d08d42c25"},"breadcrumb":{"@id":"https:\/\/arraigofoundation.org\/2026\/01\/13\/cinco-anos-de-historia-de-la-arepa-un-cierre-de-ano-para-abrir-una-caja-llena-de-memoria\/#breadcrumb"},"inLanguage":"en-US","potentialAction":[{"@type":"ReadAction","target":["https:\/\/arraigofoundation.org\/2026\/01\/13\/cinco-anos-de-historia-de-la-arepa-un-cierre-de-ano-para-abrir-una-caja-llena-de-memoria\/"]}]},{"@type":"ImageObject","inLanguage":"en-US","@id":"https:\/\/arraigofoundation.org\/2026\/01\/13\/cinco-anos-de-historia-de-la-arepa-un-cierre-de-ano-para-abrir-una-caja-llena-de-memoria\/#primaryimage","url":"https:\/\/arraigofoundation.org\/wp-content\/uploads\/2026\/01\/imagen-destacada-una-arepa-hecha-postal-arraigo-foundation-historia-de-la-arepa-.png","contentUrl":"https:\/\/arraigofoundation.org\/wp-content\/uploads\/2026\/01\/imagen-destacada-una-arepa-hecha-postal-arraigo-foundation-historia-de-la-arepa-.png","width":1200,"height":800},{"@type":"BreadcrumbList","@id":"https:\/\/arraigofoundation.org\/2026\/01\/13\/cinco-anos-de-historia-de-la-arepa-un-cierre-de-ano-para-abrir-una-caja-llena-de-memoria\/#breadcrumb","itemListElement":[{"@type":"ListItem","position":1,"name":"Home","item":"https:\/\/arraigofoundation.org\/"},{"@type":"ListItem","position":2,"name":"Cinco a\u00f1os de Historia de la Arepa: un cierre de a\u00f1o para abrir una caja llena de memoria"}]},{"@type":"WebSite","@id":"https:\/\/arraigofoundation.org\/#website","url":"https:\/\/arraigofoundation.org\/","name":"Arraigo Group Foundation","description":"","potentialAction":[{"@type":"SearchAction","target":{"@type":"EntryPoint","urlTemplate":"https:\/\/arraigofoundation.org\/?s={search_term_string}"},"query-input":{"@type":"PropertyValueSpecification","valueRequired":true,"valueName":"search_term_string"}}],"inLanguage":"en-US"},{"@type":"Person","@id":"https:\/\/arraigofoundation.org\/#\/schema\/person\/00c79e10654ea29d4c1f432d08d42c25","name":"Arraigo Fundation","image":{"@type":"ImageObject","inLanguage":"en-US","@id":"https:\/\/secure.gravatar.com\/avatar\/966e4855722b7e1d3d9b2dd29ea9c420cf7be92d910d64fce25ffe2132210db1?s=96&d=mm&r=g","url":"https:\/\/secure.gravatar.com\/avatar\/966e4855722b7e1d3d9b2dd29ea9c420cf7be92d910d64fce25ffe2132210db1?s=96&d=mm&r=g","contentUrl":"https:\/\/secure.gravatar.com\/avatar\/966e4855722b7e1d3d9b2dd29ea9c420cf7be92d910d64fce25ffe2132210db1?s=96&d=mm&r=g","caption":"Arraigo Fundation"},"url":"https:\/\/arraigofoundation.org\/en\/author\/arraigo\/"}]}},"jetpack_sharing_enabled":true,"jetpack_featured_media_url":"https:\/\/arraigofoundation.org\/wp-content\/uploads\/2026\/01\/imagen-destacada-una-arepa-hecha-postal-arraigo-foundation-historia-de-la-arepa-.png","_links":{"self":[{"href":"https:\/\/arraigofoundation.org\/en\/wp-json\/wp\/v2\/posts\/4382","targetHints":{"allow":["GET"]}}],"collection":[{"href":"https:\/\/arraigofoundation.org\/en\/wp-json\/wp\/v2\/posts"}],"about":[{"href":"https:\/\/arraigofoundation.org\/en\/wp-json\/wp\/v2\/types\/post"}],"author":[{"embeddable":true,"href":"https:\/\/arraigofoundation.org\/en\/wp-json\/wp\/v2\/users\/3"}],"replies":[{"embeddable":true,"href":"https:\/\/arraigofoundation.org\/en\/wp-json\/wp\/v2\/comments?post=4382"}],"version-history":[{"count":8,"href":"https:\/\/arraigofoundation.org\/en\/wp-json\/wp\/v2\/posts\/4382\/revisions"}],"predecessor-version":[{"id":4424,"href":"https:\/\/arraigofoundation.org\/en\/wp-json\/wp\/v2\/posts\/4382\/revisions\/4424"}],"wp:featuredmedia":[{"embeddable":true,"href":"https:\/\/arraigofoundation.org\/en\/wp-json\/wp\/v2\/media\/4383"}],"wp:attachment":[{"href":"https:\/\/arraigofoundation.org\/en\/wp-json\/wp\/v2\/media?parent=4382"}],"wp:term":[{"taxonomy":"category","embeddable":true,"href":"https:\/\/arraigofoundation.org\/en\/wp-json\/wp\/v2\/categories?post=4382"},{"taxonomy":"post_tag","embeddable":true,"href":"https:\/\/arraigofoundation.org\/en\/wp-json\/wp\/v2\/tags?post=4382"}],"curies":[{"name":"wp","href":"https:\/\/api.w.org\/{rel}","templated":true}]}}